{"id":45,"__str__":"Debater o Projeto de Lei Complementar n\u00b0 015/2026","link_detail_backend":"/audiencia/45","metadata":{},"numero":3,"ano":2026,"nome":"Debater o Projeto de Lei Complementar n\u00b0 015/2026","tema":"Debater o Projeto de Lei Complementar n\u00b0 015/2026","data":"2026-05-04","hora_inicio":"18:45","hora_fim":"19:15","observacao":"Comiss\u00e3o de Servi\u00e7os e Obras P\u00fablicas.\r\nEdital de Audi\u00eancia P\u00fablica n\u00ba 003/2026 de 04 de Maio de 2026.\r\nLocal: Depend\u00eancias da C\u00e2mara Municipal de Icara\u00edma - PR, Rua Monte Belo - 607.\r\nA grava\u00e7\u00e3o em v\u00eddeo da audi\u00eancia p\u00fablica, assim como fotos e v\u00eddeos estar\u00e3o a disposi\u00e7\u00e3o de todos e poder\u00e3o serem requeridas a Secretaria da C\u00e2mara.","audiencia_cancelada":false,"url_audio":"","url_video":"","upload_pauta":"http://sapl.icaraima.pr.leg.br/media/sapl/public/audienciapublica/45/pauta/projeto_de_lei_complementar_no_15.2026_-_altera_lei_complementar_no_1.689.2020.pdf","upload_ata":null,"upload_anexo":null,"materia":1160,"tipo":1,"parlamentar_autor":null,"requerimento":null}